{"id":4934,"date":"2022-06-13T11:59:54","date_gmt":"2022-06-13T09:59:54","guid":{"rendered":"https:\/\/www.benvenuto.it\/chandeliers-di-parigi-e-londra\/"},"modified":"2025-05-28T18:06:22","modified_gmt":"2025-05-28T16:06:22","slug":"chandelier-un-projet-qui-prend-vie","status":"publish","type":"post","link":"https:\/\/www.benvenuto.it\/fr\/chandelier-un-projet-qui-prend-vie\/","title":{"rendered":"CHANDELIER: UN PROJET JAMAIS R\u00c9ALIS\u00c9 QUI PREND VIE"},"content":{"rendered":"\t\t<div data-elementor-type=\"wp-post\" data-elementor-id=\"4934\" class=\"elementor elementor-4934 elementor-2645\" data-elementor-post-type=\"post\">\n\t\t\t\t\t\t<section class=\"elementor-section elementor-top-section elementor-element elementor-element-e421568 elementor-section-boxed elementor-section-height-default elementor-section-height-default parallax_section_no qode_elementor_container_no\" data-id=\"e421568\" data-element_type=\"section\">\n\t\t\t\t\t\t<div class=\"elementor-container elementor-column-gap-default\">\n\t\t\t\t\t<div class=\"elementor-column elementor-col-100 elementor-top-column elementor-element elementor-element-120697f\" data-id=\"120697f\" data-element_type=\"column\">\n\t\t\t<div class=\"elementor-widget-wrap elementor-element-populated\">\n\t\t\t\t\t\t<div class=\"elementor-element elementor-element-e68145c elementor-widget elementor-widget-text-editor\" data-id=\"e68145c\" data-element_type=\"widget\" data-widget_type=\"text-editor.default\">\n\t\t\t\t<div class=\"elementor-widget-container\">\n\t\t\t\t\t\t\t<p>Quand la demande arriva, j&rsquo;acceptai sans m\u00eame voir les d\u00e9tails.<br \/>C\u2019\u00e9tait en 2013 et<strong> la maison de mode Fendi<\/strong>, dont nous \u00e9tions d\u00e9j\u00e0 fournisseurs, <strong>me demandait une \u0153uvre qui n\u2019avait jamais \u00e9t\u00e9 r\u00e9alis\u00e9e<\/strong> jusqu\u2019\u00e0 ce moment.<br \/>Il s\u2019agissait d\u2019<strong>un chandelier suspendu, haut de pr\u00e8s de sept m\u00e8tres et destin\u00e9 \u00e0 la cage d\u2019escalier de la boutique parisienne de l\u2019avenue Montaigne<\/strong>. C&rsquo;\u00e9tait une \u0153uvre colossale, oui, mais le m\u00eame \u00e9tait mon d\u00e9sir de me lancer dans une innovante commande.<\/p><h2>LE VERRE QUI FLOTTE DANS L\u2019AIR<\/h2><p><strong>\u00ab\u00a0I like the glass floating in the air\u00a0\u00bb<\/strong> m\u2019a dit <strong>Gwenael Nicolas<\/strong>. Le verre qui semble flotter dans l\u2019air est devenu le leitmotiv de tout le travail que nous avons fait.<br \/>Gwenael Nicolas, nom prestigieux du fondateur, <strong>pr\u00e9sident et directeur artistique du studio Curiosity de Tokyo<\/strong>, aurait \u00e9t\u00e9 notre interlocuteur, command\u00e9 par la maison, pour le projet.<br \/>Le d\u00e9sir \u00e9tait d\u2019obtenir<strong> un chandelier dans lequel chaque verre serait ind\u00e9pendant et suspendu \u00e0 travers des fils invisibles<\/strong> qui le transformeraient en <strong>un jet d\u2019eau multicolore congel\u00e9 en un instant parfait.<\/strong><\/p><p><img fetchpriority=\"high\" decoding=\"async\" class=\"size-medium wp-image-2949 alignleft\" src=\"https:\/\/www.benvenuto.it\/wp-content\/uploads\/2022\/06\/WP_20150116_04_22_04_Pro-169x300.jpg\" alt=\"\" width=\"169\" height=\"300\" srcset=\"https:\/\/www.benvenuto.it\/wp-content\/uploads\/2022\/06\/WP_20150116_04_22_04_Pro-169x300.jpg 169w, https:\/\/www.benvenuto.it\/wp-content\/uploads\/2022\/06\/WP_20150116_04_22_04_Pro-576x1024.jpg 576w, https:\/\/www.benvenuto.it\/wp-content\/uploads\/2022\/06\/WP_20150116_04_22_04_Pro-768x1365.jpg 768w, https:\/\/www.benvenuto.it\/wp-content\/uploads\/2022\/06\/WP_20150116_04_22_04_Pro-864x1536.jpg 864w, https:\/\/www.benvenuto.it\/wp-content\/uploads\/2022\/06\/WP_20150116_04_22_04_Pro-700x1244.jpg 700w, https:\/\/www.benvenuto.it\/wp-content\/uploads\/2022\/06\/WP_20150116_04_22_04_Pro.jpg 1080w\" sizes=\"(max-width: 169px) 100vw, 169px\" \/><\/p><p>Il ne s\u2019agissait pas seulement d\u2019une \u0153uvre de verrerie mais aussi d\u2019<strong>ing\u00e9nierie<\/strong>, car les dimensions importantes, la n\u00e9cessit\u00e9 d\u2019ins\u00e9rer dedans le<strong> syst\u00e8me d\u2019\u00e9clairage<\/strong> et, en fin de compte, la pr\u00e9vision n\u00e9cessaire d\u2019une section mobile qui permettrait les <strong>travaux de maintenance<\/strong>, ils le rendaient complexe et impliquaient le travail de diff\u00e9rents professionnels.<br \/>J\u2019ai d\u2019abord contact\u00e9 <strong>Paolo Don\u00e0, ma\u00eetre verrier de Murano<\/strong> qui partageait avec moi la passion pour les d\u00e9fis, et<strong> Ivan Mazzero<\/strong> qui nous a ensuite soutenu <strong>sur le plan de l\u2019ing\u00e9nierie.<\/strong><br \/>Le vrai d\u00e9fi \u00e9tait que les lames de verre qui composaient le chandelier, comme le plumage d\u2019un perroquet, devaient rester suspendues dans l\u2019air sans que la structure de support ne soit visible.<br \/>Nous avons commenc\u00e9 \u00e0 faire des tests pour cr\u00e9er des \u00e9chantillons \u00e0 pr\u00e9senter \u00e0 Gwenael.<br \/>La premi\u00e8re tentative a \u00e9t\u00e9 rejet\u00e9 et d\u2019autres ont suivi: cinq. Dans les tentatives de concr\u00e9tiser cette id\u00e9e, cependant, les critiques de Gwenael ont toujours \u00e9t\u00e9 constructives. <strong>Nous avons tous roul\u00e9 dans la m\u00eame direction.<\/strong><br \/>Il n\u2019\u00e9tait pas facile de trouver le moyen d\u2019accrocher 3900 verres avec 6500 trous, en utilisant 6,5 km de fil de nylon avec autant de pinces, et cr\u00e9er \u00e9galement la structure portante mince capable de soutenir les 380 kg du chandelier.<\/p><p>\u00a0<\/p><h2>LE BON PROTOTYPE<\/h2><p><br \/>Nous sommes arriv\u00e9s au cinqui\u00e8me prototype d\u2019une section \u00e0 l\u2019\u00e9chelle 1:1, haute de 1 m\u00e8tre, que nous avons <strong>pr\u00e9sent\u00e9 \u00e0 l\u2019Institut Europ\u00e9en de Design de Milan<\/strong> et qui repr\u00e9sentait un segment de la partie sup\u00e9rieure de l\u2019\u0153uvre. En cherchant le syst\u00e8me invisible pour accrocher les langues de verre nous avions pass\u00e9 du fil de nylon cousu et fix\u00e9 avec des vis en plastique pour arriver, enfin, au fil de nylon non plus cousu mais qui soutenait chaque verre.<br \/>Ce prototype s\u2019est av\u00e9r\u00e9 \u00eatre le bon et nous sommes pass\u00e9s \u00e0 l\u2019ing\u00e9nierie de l\u2019\u0153uvre.<br \/>Cela devait inclure le <strong>syst\u00e8me d\u2019\u00e9clairage, cr\u00e9\u00e9 par un concepteur d\u2019\u00e9clairage de New York<\/strong>, qui pr\u00e9voyait que les lumi\u00e8res pouvaient entrer par le haut \u00e0 l\u2019int\u00e9rieur du chandelier et qu\u2019une partie motoris\u00e9e permettait la maintenance.<br \/>Nous avons r\u00e9alis\u00e9 un moteur mont\u00e9 sur un arbre rotatif qui faisait descendre toute la coupe sup\u00e9rieure du chandelier sur elle-m\u00eame d\u2019un m\u00e8tre, \u00e0 travers une lunette, en permettant l\u2019acc\u00e8s.<br \/>Il \u00e9tait temps de produire des <strong>langues de verre<\/strong>. Le designer voulait que la couleur soit d\u00e9grad\u00e9e mais avec une <strong>nuance absolument particuli\u00e8re et difficile \u00e0 r\u00e9aliser.<\/strong><br \/>Paolo Don\u00e0, expert dans la production de verre de Murano tir\u00e9 \u00e0 la main, a cr\u00e9\u00e9 et sugg\u00e9r\u00e9 au ma\u00eetre verrier de Murano, la m\u00e9thode pour le r\u00e9aliser.<br \/>La structure invisible que nous avons nous avons cr\u00e9\u00e9 pr\u00e9voyait de fixer les langues de verre avec un fil en haut et un en bas aux points o\u00f9 le dessin de l\u2019\u0153uvre se courbait et avec un seul fil au-dessus des points perpendiculaires au sol. Nous avons \u00e9galement cr\u00e9\u00e9 une silhouette tridimensionnelle de pr\u00e8s de 7 m\u00e8tres de long pour reproduire, en laboratoire, le montage et son processus.<br \/>La phase de conception, qui a commenc\u00e9 avec les diff\u00e9rents prototypes et s\u2019est termin\u00e9e par l\u2019essai d\u2019assemblage, a dur\u00e9 trois mois.<br \/>Toute la structure \u00e9tait transparente, sauf <strong>un petit tube en acier<\/strong>. Le <strong>polycarbonate transparent<\/strong> <strong>contenait les lumi\u00e8res<\/strong> qui descendaient de haut en bas et les secteurs de fixation des fils de nylon plac\u00e9s \u00e0 un m\u00e8tre l\u2019un de l\u2019autre.<\/p><p>\u00a0<\/p><h2>LE VOYAGE \u00c0 PARIS<\/h2><p>\u00a0<\/p><p><img decoding=\"async\" class=\"size-medium wp-image-2950 alignright\" src=\"https:\/\/www.benvenuto.it\/wp-content\/uploads\/2022\/06\/IMG_0316-300x224.jpg\" alt=\"\" width=\"300\" height=\"224\" srcset=\"https:\/\/www.benvenuto.it\/wp-content\/uploads\/2022\/06\/IMG_0316-300x224.jpg 300w, https:\/\/www.benvenuto.it\/wp-content\/uploads\/2022\/06\/IMG_0316-1024x765.jpg 1024w, https:\/\/www.benvenuto.it\/wp-content\/uploads\/2022\/06\/IMG_0316-768x574.jpg 768w, https:\/\/www.benvenuto.it\/wp-content\/uploads\/2022\/06\/IMG_0316-1536x1147.jpg 1536w, https:\/\/www.benvenuto.it\/wp-content\/uploads\/2022\/06\/IMG_0316-2048x1530.jpg 2048w, https:\/\/www.benvenuto.it\/wp-content\/uploads\/2022\/06\/IMG_0316-800x600.jpg 800w, https:\/\/www.benvenuto.it\/wp-content\/uploads\/2022\/06\/IMG_0316-700x523.jpg 700w\" sizes=\"(max-width: 300px) 100vw, 300px\" \/><\/p><p>Il ne nous restait plus qu\u2019\u00e0 aller \u00e0 Paris pour monter l\u2019\u0153uvre d\u00e9finitive. Avec une <strong>\u00e9quipe de quatre personnes<\/strong>, nous avons commenc\u00e9 \u00e0 installer le chandelier <strong>par le bas vers le haut de mani\u00e8re que les vitres soient l\u00e9g\u00e8rement surmont\u00e9es<\/strong>. Ce fut <strong>un mois de travail<\/strong> acharn\u00e9 et ininterrompu. Il y a eu des difficult\u00e9s, oui, mais nous les avons surmont\u00e9es et <strong>le directeur g\u00e9n\u00e9ral de la maison et Gwenael Nicolas sont venus personnellement nous f\u00e9liciter<\/strong> pour ce que nous avions r\u00e9alis\u00e9.<br \/>Ce fut un travail complexe et &#8211; \u00e0 la mani\u00e8re de Benvenuto &#8211; parsem\u00e9 d\u2019\u00e9preuves et d\u2019essais. Une t\u00e2che r\u00e9compens\u00e9e, outre par la fiert\u00e9 d\u2019avoir cr\u00e9\u00e9 une \u0153uvre unique, par la reconnaissance de la maison.<br \/><strong>En 2014, un autre de nos chandeliers<\/strong> du m\u00eame type mais plus grand, <strong>10 m\u00e8tres<\/strong> de haut et avec des solutions d\u2019ing\u00e9nierie encore plus complexes, <strong>a enrichi<\/strong> <strong>le magasin phare de la maison dans la rue New Bond \u00e0 Londres.<\/strong><\/p>\t\t\t\t\t\t<\/div>\n\t\t\t\t<\/div>\n\t\t\t\t\t<\/div>\n\t\t<\/div>\n\t\t\t\t\t<\/div>\n\t\t<\/section>\n\t\t\t\t<section class=\"elementor-section elementor-top-section elementor-element elementor-element-8387a34 elementor-section-boxed elementor-section-height-default elementor-section-height-default parallax_section_no qode_elementor_container_no\" data-id=\"8387a34\" data-element_type=\"section\">\n\t\t\t\t\t\t<div class=\"elementor-container elementor-column-gap-default\">\n\t\t\t\t\t<div class=\"elementor-column elementor-col-33 elementor-top-column elementor-element elementor-element-4edfa3e\" data-id=\"4edfa3e\" data-element_type=\"column\">\n\t\t\t<div class=\"elementor-widget-wrap elementor-element-populated\">\n\t\t\t\t\t\t<div class=\"elementor-element elementor-element-3ca7a83 elementor-widget elementor-widget-image\" data-id=\"3ca7a83\" data-element_type=\"widget\" data-widget_type=\"image.default\">\n\t\t\t\t<div class=\"elementor-widget-container\">\n\t\t\t\t\t\t\t\t\t\t\t\t\t<img decoding=\"async\" width=\"1024\" height=\"765\" src=\"https:\/\/www.benvenuto.it\/wp-content\/uploads\/2022\/06\/IMG_0302-1024x765.jpg\" class=\"attachment-large size-large wp-image-4161\" alt=\"\" srcset=\"https:\/\/www.benvenuto.it\/wp-content\/uploads\/2022\/06\/IMG_0302-1024x765.jpg 1024w, https:\/\/www.benvenuto.it\/wp-content\/uploads\/2022\/06\/IMG_0302-300x224.jpg 300w, https:\/\/www.benvenuto.it\/wp-content\/uploads\/2022\/06\/IMG_0302-768x574.jpg 768w, https:\/\/www.benvenuto.it\/wp-content\/uploads\/2022\/06\/IMG_0302-1536x1147.jpg 1536w, https:\/\/www.benvenuto.it\/wp-content\/uploads\/2022\/06\/IMG_0302-2048x1530.jpg 2048w, https:\/\/www.benvenuto.it\/wp-content\/uploads\/2022\/06\/IMG_0302-700x523.jpg 700w\" sizes=\"(max-width: 1024px) 100vw, 1024px\" \/>\t\t\t\t\t\t\t\t\t\t\t\t\t<\/div>\n\t\t\t\t<\/div>\n\t\t\t\t\t<\/div>\n\t\t<\/div>\n\t\t\t\t<div class=\"elementor-column elementor-col-66 elementor-top-column elementor-element elementor-element-c952060\" data-id=\"c952060\" data-element_type=\"column\">\n\t\t\t<div class=\"elementor-widget-wrap elementor-element-populated\">\n\t\t\t\t\t\t<div class=\"elementor-element elementor-element-dcd6df8 elementor-widget elementor-widget-text-editor\" data-id=\"dcd6df8\" data-element_type=\"widget\" data-widget_type=\"text-editor.default\">\n\t\t\t\t<div class=\"elementor-widget-container\">\n\t\t\t\t\t\t\t<p><em>Le d\u00e9fi artistique et constructif a \u00e9t\u00e9 tr\u00e8s exigeant, mais ce sont ces d\u00e9fis qui alimentent quotidiennement notre passion pour la cr\u00e9ation de quelque chose qui auparavant ne trouvait sa place que dans l\u2019imagination.<\/em><br \/><em>Vittorio Benvenuto<\/em><\/p>\t\t\t\t\t\t<\/div>\n\t\t\t\t<\/div>\n\t\t\t\t\t<\/div>\n\t\t<\/div>\n\t\t\t\t\t<\/div>\n\t\t<\/section>\n\t\t\t\t<\/div>\n\t\t","protected":false},"excerpt":{"rendered":"<p>Quand la demande arriva, j&rsquo;acceptai sans m\u00eame voir les d\u00e9tails. C\u2019\u00e9tait en 2013 et la maison de mode Fendi, dont nous \u00e9tions d\u00e9j\u00e0 fournisseurs, me demandait une \u0153uvre qui n\u2019avait jamais \u00e9t\u00e9 r\u00e9alis\u00e9e jusqu\u2019\u00e0 ce moment. Il s\u2019agissait d\u2019un chandelier suspendu, haut de pr\u00e8s de&#8230;<\/p>\n","protected":false},"author":2,"featured_media":4159,"comment_status":"closed","ping_status":"closed","sticky":false,"template":"","format":"standard","meta":{"inline_featured_image":false,"footnotes":""},"categories":[217],"tags":[211,210,221],"class_list":["post-4934","post","type-post","status-publish","format-standard","has-post-thumbnail","hentry","category-case-studies-fr","tag-astratto-fr","tag-moderno-fr","tag-opere-architettoniche-fr"],"yoast_head":"<!-- This site is optimized with the Yoast SEO plugin v23.5 - https:\/\/yoast.com\/wordpress\/plugins\/seo\/ -->\n<title>CHANDELIER: UN PROJET JAMAIS R\u00c9ALIS\u00c9 QUI PREND VIE - Benvenuto Mastri Vetrai<\/title>\n<meta name=\"description\" content=\"Un chandelier, command\u00e9 par Fendi, qui repr\u00e9sente une coul\u00e9e d\u2019eau multicolore gel\u00e9e en un instant parfait. Approfondissez ici.\" \/>\n<meta name=\"robots\" content=\"index, follow, max-snippet:-1, max-image-preview:large, max-video-preview:-1\" \/>\n<link rel=\"canonical\" href=\"https:\/\/www.benvenuto.it\/fr\/chandelier-un-projet-qui-prend-vie\/\" \/>\n<meta property=\"og:locale\" content=\"fr_FR\" \/>\n<meta property=\"og:type\" content=\"article\" \/>\n<meta property=\"og:title\" content=\"CHANDELIER: UN PROJET JAMAIS R\u00c9ALIS\u00c9 QUI PREND VIE - Benvenuto Mastri Vetrai\" \/>\n<meta property=\"og:description\" content=\"Un chandelier, command\u00e9 par Fendi, qui repr\u00e9sente une coul\u00e9e d\u2019eau multicolore gel\u00e9e en un instant parfait. Approfondissez ici.\" \/>\n<meta property=\"og:url\" content=\"https:\/\/www.benvenuto.it\/fr\/chandelier-un-projet-qui-prend-vie\/\" \/>\n<meta property=\"og:site_name\" content=\"Benvenuto Mastri Vetrai\" \/>\n<meta property=\"article:publisher\" content=\"https:\/\/www.facebook.com\/BenvenutoMastriVetrai\" \/>\n<meta property=\"article:published_time\" content=\"2022-06-13T09:59:54+00:00\" \/>\n<meta property=\"article:modified_time\" content=\"2025-05-28T16:06:22+00:00\" \/>\n<meta property=\"og:image\" content=\"https:\/\/www.benvenuto.it\/wp-content\/uploads\/2022\/06\/WP_20150116_04_21_52_Pro.jpg\" \/>\n\t<meta property=\"og:image:width\" content=\"1920\" \/>\n\t<meta property=\"og:image:height\" content=\"1080\" \/>\n\t<meta property=\"og:image:type\" content=\"image\/jpeg\" \/>\n<meta name=\"author\" content=\"Sara Romanato\" \/>\n<meta name=\"twitter:card\" content=\"summary_large_image\" \/>\n<meta name=\"twitter:label1\" content=\"\u00c9crit par\" \/>\n\t<meta name=\"twitter:data1\" content=\"Sara Romanato\" \/>\n\t<meta name=\"twitter:label2\" content=\"Dur\u00e9e de lecture estim\u00e9e\" \/>\n\t<meta name=\"twitter:data2\" content=\"6 minutes\" \/>\n<script type=\"application\/ld+json\" class=\"yoast-schema-graph\">{\"@context\":\"https:\/\/schema.org\",\"@graph\":[{\"@type\":\"Article\",\"@id\":\"https:\/\/www.benvenuto.it\/fr\/chandelier-un-projet-qui-prend-vie\/#article\",\"isPartOf\":{\"@id\":\"https:\/\/www.benvenuto.it\/fr\/chandelier-un-projet-qui-prend-vie\/\"},\"author\":{\"name\":\"Sara Romanato\",\"@id\":\"https:\/\/www.benvenuto.it\/#\/schema\/person\/fd8ed2f59ab8f6689daa7642fa4b9066\"},\"headline\":\"CHANDELIER: UN PROJET JAMAIS R\u00c9ALIS\u00c9 QUI PREND VIE\",\"datePublished\":\"2022-06-13T09:59:54+00:00\",\"dateModified\":\"2025-05-28T16:06:22+00:00\",\"mainEntityOfPage\":{\"@id\":\"https:\/\/www.benvenuto.it\/fr\/chandelier-un-projet-qui-prend-vie\/\"},\"wordCount\":1041,\"publisher\":{\"@id\":\"https:\/\/www.benvenuto.it\/#organization\"},\"image\":{\"@id\":\"https:\/\/www.benvenuto.it\/fr\/chandelier-un-projet-qui-prend-vie\/#primaryimage\"},\"thumbnailUrl\":\"https:\/\/www.benvenuto.it\/wp-content\/uploads\/2022\/06\/WP_20150116_04_21_52_Pro.jpg\",\"keywords\":[\"astratto\",\"moderno\",\"opere architettoniche\"],\"articleSection\":[\"Case Studies\"],\"inLanguage\":\"fr-FR\"},{\"@type\":\"WebPage\",\"@id\":\"https:\/\/www.benvenuto.it\/fr\/chandelier-un-projet-qui-prend-vie\/\",\"url\":\"https:\/\/www.benvenuto.it\/fr\/chandelier-un-projet-qui-prend-vie\/\",\"name\":\"CHANDELIER: UN PROJET JAMAIS R\u00c9ALIS\u00c9 QUI PREND VIE - Benvenuto Mastri Vetrai\",\"isPartOf\":{\"@id\":\"https:\/\/www.benvenuto.it\/#website\"},\"primaryImageOfPage\":{\"@id\":\"https:\/\/www.benvenuto.it\/fr\/chandelier-un-projet-qui-prend-vie\/#primaryimage\"},\"image\":{\"@id\":\"https:\/\/www.benvenuto.it\/fr\/chandelier-un-projet-qui-prend-vie\/#primaryimage\"},\"thumbnailUrl\":\"https:\/\/www.benvenuto.it\/wp-content\/uploads\/2022\/06\/WP_20150116_04_21_52_Pro.jpg\",\"datePublished\":\"2022-06-13T09:59:54+00:00\",\"dateModified\":\"2025-05-28T16:06:22+00:00\",\"description\":\"Un chandelier, command\u00e9 par Fendi, qui repr\u00e9sente une coul\u00e9e d\u2019eau multicolore gel\u00e9e en un instant parfait. Approfondissez ici.\",\"breadcrumb\":{\"@id\":\"https:\/\/www.benvenuto.it\/fr\/chandelier-un-projet-qui-prend-vie\/#breadcrumb\"},\"inLanguage\":\"fr-FR\",\"potentialAction\":[{\"@type\":\"ReadAction\",\"target\":[\"https:\/\/www.benvenuto.it\/fr\/chandelier-un-projet-qui-prend-vie\/\"]}]},{\"@type\":\"ImageObject\",\"inLanguage\":\"fr-FR\",\"@id\":\"https:\/\/www.benvenuto.it\/fr\/chandelier-un-projet-qui-prend-vie\/#primaryimage\",\"url\":\"https:\/\/www.benvenuto.it\/wp-content\/uploads\/2022\/06\/WP_20150116_04_21_52_Pro.jpg\",\"contentUrl\":\"https:\/\/www.benvenuto.it\/wp-content\/uploads\/2022\/06\/WP_20150116_04_21_52_Pro.jpg\",\"width\":1920,\"height\":1080},{\"@type\":\"BreadcrumbList\",\"@id\":\"https:\/\/www.benvenuto.it\/fr\/chandelier-un-projet-qui-prend-vie\/#breadcrumb\",\"itemListElement\":[{\"@type\":\"ListItem\",\"position\":1,\"name\":\"Home\",\"item\":\"https:\/\/www.benvenuto.it\/\"},{\"@type\":\"ListItem\",\"position\":2,\"name\":\"CHANDELIER: UN PROJET JAMAIS R\u00c9ALIS\u00c9 QUI PREND VIE\"}]},{\"@type\":\"WebSite\",\"@id\":\"https:\/\/www.benvenuto.it\/#website\",\"url\":\"https:\/\/www.benvenuto.it\/\",\"name\":\"Benvenuto Mastri Vetrai\",\"description\":\"Benvenuto Mastri Vetrai \u00e8 un laboratorio di artisti e artigiani che creano opere uniche con tecniche rare e dimenticate. 60 anni di passione per il vetro, di creazioni raffinate e progetti speciali in tutto il mondo.\",\"publisher\":{\"@id\":\"https:\/\/www.benvenuto.it\/#organization\"},\"potentialAction\":[{\"@type\":\"SearchAction\",\"target\":{\"@type\":\"EntryPoint\",\"urlTemplate\":\"https:\/\/www.benvenuto.it\/?s={search_term_string}\"},\"query-input\":{\"@type\":\"PropertyValueSpecification\",\"valueRequired\":true,\"valueName\":\"search_term_string\"}}],\"inLanguage\":\"fr-FR\"},{\"@type\":\"Organization\",\"@id\":\"https:\/\/www.benvenuto.it\/#organization\",\"name\":\"Benvenuto Mastri Vetrai\",\"url\":\"https:\/\/www.benvenuto.it\/\",\"logo\":{\"@type\":\"ImageObject\",\"inLanguage\":\"fr-FR\",\"@id\":\"https:\/\/www.benvenuto.it\/#\/schema\/logo\/image\/\",\"url\":\"https:\/\/www.benvenuto.it\/wp-content\/uploads\/2021\/09\/logo_black_2pt_eps.svg\",\"contentUrl\":\"https:\/\/www.benvenuto.it\/wp-content\/uploads\/2021\/09\/logo_black_2pt_eps.svg\",\"caption\":\"Benvenuto Mastri Vetrai\"},\"image\":{\"@id\":\"https:\/\/www.benvenuto.it\/#\/schema\/logo\/image\/\"},\"sameAs\":[\"https:\/\/www.facebook.com\/BenvenutoMastriVetrai\",\"https:\/\/www.instagram.com\/benvenutomastrivetrai\/\",\"https:\/\/it.pinterest.com\/benvenutomastrivetrai\/\"]},{\"@type\":\"Person\",\"@id\":\"https:\/\/www.benvenuto.it\/#\/schema\/person\/fd8ed2f59ab8f6689daa7642fa4b9066\",\"name\":\"Sara Romanato\",\"url\":\"https:\/\/www.benvenuto.it\/fr\/author\/sara-romanato\/\"}]}<\/script>\n<!-- \/ Yoast SEO plugin. -->","yoast_head_json":{"title":"CHANDELIER: UN PROJET JAMAIS R\u00c9ALIS\u00c9 QUI PREND VIE - Benvenuto Mastri Vetrai","description":"Un chandelier, command\u00e9 par Fendi, qui repr\u00e9sente une coul\u00e9e d\u2019eau multicolore gel\u00e9e en un instant parfait. Approfondissez ici.","robots":{"index":"index","follow":"follow","max-snippet":"max-snippet:-1","max-image-preview":"max-image-preview:large","max-video-preview":"max-video-preview:-1"},"canonical":"https:\/\/www.benvenuto.it\/fr\/chandelier-un-projet-qui-prend-vie\/","og_locale":"fr_FR","og_type":"article","og_title":"CHANDELIER: UN PROJET JAMAIS R\u00c9ALIS\u00c9 QUI PREND VIE - Benvenuto Mastri Vetrai","og_description":"Un chandelier, command\u00e9 par Fendi, qui repr\u00e9sente une coul\u00e9e d\u2019eau multicolore gel\u00e9e en un instant parfait. Approfondissez ici.","og_url":"https:\/\/www.benvenuto.it\/fr\/chandelier-un-projet-qui-prend-vie\/","og_site_name":"Benvenuto Mastri Vetrai","article_publisher":"https:\/\/www.facebook.com\/BenvenutoMastriVetrai","article_published_time":"2022-06-13T09:59:54+00:00","article_modified_time":"2025-05-28T16:06:22+00:00","og_image":[{"width":1920,"height":1080,"url":"https:\/\/www.benvenuto.it\/wp-content\/uploads\/2022\/06\/WP_20150116_04_21_52_Pro.jpg","type":"image\/jpeg"}],"author":"Sara Romanato","twitter_card":"summary_large_image","twitter_misc":{"\u00c9crit par":"Sara Romanato","Dur\u00e9e de lecture estim\u00e9e":"6 minutes"},"schema":{"@context":"https:\/\/schema.org","@graph":[{"@type":"Article","@id":"https:\/\/www.benvenuto.it\/fr\/chandelier-un-projet-qui-prend-vie\/#article","isPartOf":{"@id":"https:\/\/www.benvenuto.it\/fr\/chandelier-un-projet-qui-prend-vie\/"},"author":{"name":"Sara Romanato","@id":"https:\/\/www.benvenuto.it\/#\/schema\/person\/fd8ed2f59ab8f6689daa7642fa4b9066"},"headline":"CHANDELIER: UN PROJET JAMAIS R\u00c9ALIS\u00c9 QUI PREND VIE","datePublished":"2022-06-13T09:59:54+00:00","dateModified":"2025-05-28T16:06:22+00:00","mainEntityOfPage":{"@id":"https:\/\/www.benvenuto.it\/fr\/chandelier-un-projet-qui-prend-vie\/"},"wordCount":1041,"publisher":{"@id":"https:\/\/www.benvenuto.it\/#organization"},"image":{"@id":"https:\/\/www.benvenuto.it\/fr\/chandelier-un-projet-qui-prend-vie\/#primaryimage"},"thumbnailUrl":"https:\/\/www.benvenuto.it\/wp-content\/uploads\/2022\/06\/WP_20150116_04_21_52_Pro.jpg","keywords":["astratto","moderno","opere architettoniche"],"articleSection":["Case Studies"],"inLanguage":"fr-FR"},{"@type":"WebPage","@id":"https:\/\/www.benvenuto.it\/fr\/chandelier-un-projet-qui-prend-vie\/","url":"https:\/\/www.benvenuto.it\/fr\/chandelier-un-projet-qui-prend-vie\/","name":"CHANDELIER: UN PROJET JAMAIS R\u00c9ALIS\u00c9 QUI PREND VIE - Benvenuto Mastri Vetrai","isPartOf":{"@id":"https:\/\/www.benvenuto.it\/#website"},"primaryImageOfPage":{"@id":"https:\/\/www.benvenuto.it\/fr\/chandelier-un-projet-qui-prend-vie\/#primaryimage"},"image":{"@id":"https:\/\/www.benvenuto.it\/fr\/chandelier-un-projet-qui-prend-vie\/#primaryimage"},"thumbnailUrl":"https:\/\/www.benvenuto.it\/wp-content\/uploads\/2022\/06\/WP_20150116_04_21_52_Pro.jpg","datePublished":"2022-06-13T09:59:54+00:00","dateModified":"2025-05-28T16:06:22+00:00","description":"Un chandelier, command\u00e9 par Fendi, qui repr\u00e9sente une coul\u00e9e d\u2019eau multicolore gel\u00e9e en un instant parfait. Approfondissez ici.","breadcrumb":{"@id":"https:\/\/www.benvenuto.it\/fr\/chandelier-un-projet-qui-prend-vie\/#breadcrumb"},"inLanguage":"fr-FR","potentialAction":[{"@type":"ReadAction","target":["https:\/\/www.benvenuto.it\/fr\/chandelier-un-projet-qui-prend-vie\/"]}]},{"@type":"ImageObject","inLanguage":"fr-FR","@id":"https:\/\/www.benvenuto.it\/fr\/chandelier-un-projet-qui-prend-vie\/#primaryimage","url":"https:\/\/www.benvenuto.it\/wp-content\/uploads\/2022\/06\/WP_20150116_04_21_52_Pro.jpg","contentUrl":"https:\/\/www.benvenuto.it\/wp-content\/uploads\/2022\/06\/WP_20150116_04_21_52_Pro.jpg","width":1920,"height":1080},{"@type":"BreadcrumbList","@id":"https:\/\/www.benvenuto.it\/fr\/chandelier-un-projet-qui-prend-vie\/#breadcrumb","itemListElement":[{"@type":"ListItem","position":1,"name":"Home","item":"https:\/\/www.benvenuto.it\/"},{"@type":"ListItem","position":2,"name":"CHANDELIER: UN PROJET JAMAIS R\u00c9ALIS\u00c9 QUI PREND VIE"}]},{"@type":"WebSite","@id":"https:\/\/www.benvenuto.it\/#website","url":"https:\/\/www.benvenuto.it\/","name":"Benvenuto Mastri Vetrai","description":"Benvenuto Mastri Vetrai \u00e8 un laboratorio di artisti e artigiani che creano opere uniche con tecniche rare e dimenticate. 60 anni di passione per il vetro, di creazioni raffinate e progetti speciali in tutto il mondo.","publisher":{"@id":"https:\/\/www.benvenuto.it\/#organization"},"potentialAction":[{"@type":"SearchAction","target":{"@type":"EntryPoint","urlTemplate":"https:\/\/www.benvenuto.it\/?s={search_term_string}"},"query-input":{"@type":"PropertyValueSpecification","valueRequired":true,"valueName":"search_term_string"}}],"inLanguage":"fr-FR"},{"@type":"Organization","@id":"https:\/\/www.benvenuto.it\/#organization","name":"Benvenuto Mastri Vetrai","url":"https:\/\/www.benvenuto.it\/","logo":{"@type":"ImageObject","inLanguage":"fr-FR","@id":"https:\/\/www.benvenuto.it\/#\/schema\/logo\/image\/","url":"https:\/\/www.benvenuto.it\/wp-content\/uploads\/2021\/09\/logo_black_2pt_eps.svg","contentUrl":"https:\/\/www.benvenuto.it\/wp-content\/uploads\/2021\/09\/logo_black_2pt_eps.svg","caption":"Benvenuto Mastri Vetrai"},"image":{"@id":"https:\/\/www.benvenuto.it\/#\/schema\/logo\/image\/"},"sameAs":["https:\/\/www.facebook.com\/BenvenutoMastriVetrai","https:\/\/www.instagram.com\/benvenutomastrivetrai\/","https:\/\/it.pinterest.com\/benvenutomastrivetrai\/"]},{"@type":"Person","@id":"https:\/\/www.benvenuto.it\/#\/schema\/person\/fd8ed2f59ab8f6689daa7642fa4b9066","name":"Sara Romanato","url":"https:\/\/www.benvenuto.it\/fr\/author\/sara-romanato\/"}]}},"_links":{"self":[{"href":"https:\/\/www.benvenuto.it\/fr\/wp-json\/wp\/v2\/posts\/4934","targetHints":{"allow":["GET"]}}],"collection":[{"href":"https:\/\/www.benvenuto.it\/fr\/wp-json\/wp\/v2\/posts"}],"about":[{"href":"https:\/\/www.benvenuto.it\/fr\/wp-json\/wp\/v2\/types\/post"}],"author":[{"embeddable":true,"href":"https:\/\/www.benvenuto.it\/fr\/wp-json\/wp\/v2\/users\/2"}],"replies":[{"embeddable":true,"href":"https:\/\/www.benvenuto.it\/fr\/wp-json\/wp\/v2\/comments?post=4934"}],"version-history":[{"count":8,"href":"https:\/\/www.benvenuto.it\/fr\/wp-json\/wp\/v2\/posts\/4934\/revisions"}],"predecessor-version":[{"id":4943,"href":"https:\/\/www.benvenuto.it\/fr\/wp-json\/wp\/v2\/posts\/4934\/revisions\/4943"}],"wp:featuredmedia":[{"embeddable":true,"href":"https:\/\/www.benvenuto.it\/fr\/wp-json\/wp\/v2\/media\/4159"}],"wp:attachment":[{"href":"https:\/\/www.benvenuto.it\/fr\/wp-json\/wp\/v2\/media?parent=4934"}],"wp:term":[{"taxonomy":"category","embeddable":true,"href":"https:\/\/www.benvenuto.it\/fr\/wp-json\/wp\/v2\/categories?post=4934"},{"taxonomy":"post_tag","embeddable":true,"href":"https:\/\/www.benvenuto.it\/fr\/wp-json\/wp\/v2\/tags?post=4934"}],"curies":[{"name":"wp","href":"https:\/\/api.w.org\/{rel}","templated":true}]}}